{"id":5724,"date":"2025-11-21T12:02:06","date_gmt":"2025-11-21T12:02:06","guid":{"rendered":"https:\/\/jalgpallimuuseum.ee\/erik-steinberg-meie-muuseumi-kauaoodatud-kulaline\/"},"modified":"2025-11-21T12:05:41","modified_gmt":"2025-11-21T12:05:41","slug":"erik-steinberg-meie-muuseumi-kauaoodatud-kulaline","status":"publish","type":"post","link":"https:\/\/jalgpallimuuseum.ee\/et\/erik-steinberg-meie-muuseumi-kauaoodatud-kulaline\/","title":{"rendered":"Erik \u0160teinberg \u2013 meie muuseumi kauaoodatud k\u00fclaline"},"content":{"rendered":"\n<p>Meie podcastis \u201cJalkapink\u201d: Erik \u0160teinberg r\u00e4\u00e4kis oma jalgpallurikarj\u00e4\u00e4rist, jalgpallist Kivi\u00f5lis ja N\u00f5mme Kaljus. Ta jagas m\u00e4lestusi m\u00e4ngust Aivar Pohlakuga, kus Pohlak sai punase kaardi ja Erik l\u00f5i neli v\u00e4ravat.<br\/>M\u00e4ngu protokoll: <a href=\"https:\/\/jalgpall.ee\/voistlused\/protocol\/3509?fbclid=I1wZXh0bgNhZW0CMTAAYnJpZBExcXl3ZVRmTFB5eFY1RzlkUHNydGMGYXBwX2lkEDIyMjAzOTE3ODgyMDA4OTIAAR7ub_BQNLNgzQ16KWWfOnjw8OD7gn6p_08Rb9KvNXq5zFfLAbVdMYk_kHr9Rw_aem_qFYqwnuN0hw6OCKZNwcT3w\" target=\"_blank\" rel=\"noreferrer noopener\">https:\/\/jalgpall.ee\/voistlused\/protocol\/3509<\/a>  <\/p>\n\n<p>Muidugi ei j\u00e4etud k\u00f5rvale ka Ida-Virumaa FC Alliance\u2019i loomise ajalugu \u2014 mis \u00f5nnestus ellu viia ja kus tehti vigu.<\/p>\n\n<figure class=\"wp-block-image size-large\"><img fetchpriority=\"high\" decoding=\"async\" width=\"1024\" height=\"768\" src=\"https:\/\/jalgpallimuuseum.ee\/wp-content\/uploads\/2025\/11\/IMG_8555-1024x768.jpeg\" alt=\"\" class=\"wp-image-5720\" srcset=\"https:\/\/jalgpallimuuseum.ee\/wp-content\/uploads\/2025\/11\/IMG_8555-1024x768.jpeg 1024w, https:\/\/jalgpallimuuseum.ee\/wp-content\/uploads\/2025\/11\/IMG_8555-300x225.jpeg 300w, https:\/\/jalgpallimuuseum.ee\/wp-content\/uploads\/2025\/11\/IMG_8555-768x576.jpeg 768w, https:\/\/jalgpallimuuseum.ee\/wp-content\/uploads\/2025\/11\/IMG_8555-1536x1152.jpeg 1536w, https:\/\/jalgpallimuuseum.ee\/wp-content\/uploads\/2025\/11\/IMG_8555-2048x1536.jpeg 2048w, https:\/\/jalgpallimuuseum.ee\/wp-content\/uploads\/2025\/11\/IMG_8555-357x268.jpeg 357w, https:\/\/jalgpallimuuseum.ee\/wp-content\/uploads\/2025\/11\/IMG_8555-1120x840.jpeg 1120w\" sizes=\"(max-width: 1024px) 100vw, 1024px\" \/><\/figure>\n\n<p>P\u00e4rast vestlust kinkis Erik meie muuseumile N\u00f5mme Kalju s\u00e4rgi oma autogrammiga ja klubi salli!<\/p>\n\n<figure class=\"wp-block-embed is-type-video is-provider-youtube wp-block-embed-youtube wp-embed-aspect-16-9 wp-has-aspect-ratio\"><div class=\"wp-block-embed__wrapper\">\n<iframe title=\"Jalkapink: \u042d\u0440\u0438\u043a \u0428\u0442\u0435\u0439\u043d\u0431\u0435\u0440\u0433 \u0440\u0430\u0441\u0441\u043a\u0430\u0437\u0430\u043b \u043e \u0441\u0432\u043e\u0435\u0439 \u043a\u0430\u0440\u044c\u0435\u0440\u0435 \u0444\u0443\u0442\u0431\u043e\u043b\u0438\u0441\u0442\u0430, \u0444\u0443\u0442\u0431\u043e\u043b\u0435 \u0432 \u041a\u0438\u0432\u0438\u044b\u043b\u0438 \u0438 \u041d\u044b\u043c\u043c\u0435 \u041a\u0430\u043b\u044c\u044e\" width=\"1340\" height=\"754\" src=\"https:\/\/www.youtube.com\/embed\/43Am-dJGlk8?feature=oembed\" frameborder=\"0\" allow=\"accelerometer; autoplay; clipboard-write; encrypted-media; gyroscope; picture-in-picture; web-share\" referrerpolicy=\"strict-origin-when-cross-origin\" allowfullscreen><\/iframe>\n<\/div><\/figure>\n","protected":false},"excerpt":{"rendered":"<p>Meie podcastis \u201cJalkapink\u201d: Erik \u0160teinberg r\u00e4\u00e4kis oma jalgpallurikarj\u00e4\u00e4rist, jalgpallist Kivi\u00f5lis ja N\u00f5mme Kaljus. Ta jagas m\u00e4lestusi m\u00e4ngust Aivar Pohlakuga, kus Pohlak sai punase kaardi [&hellip;]<\/p>\n","protected":false},"author":2,"featured_media":5723,"comment_status":"closed","ping_status":"open","sticky":false,"template":"","format":"standard","meta":{"_acf_changed":false,"_monsterinsights_skip_tracking":false,"_monsterinsights_sitenote_active":false,"_monsterinsights_sitenote_note":"","_monsterinsights_sitenote_category":0,"footnotes":""},"categories":[41],"tags":[],"class_list":["post-5724","post","type-post","status-publish","format-standard","has-post-thumbnail","hentry","category-muuseumi-kulalised"],"acf":{"choi\u0441e_menu_page":false,"full_width":false,"header_transparent":false,"header_white":false,"menu_type_page":"default","menu_align_page":"default"},"aioseo_notices":[],"_links":{"self":[{"href":"https:\/\/jalgpallimuuseum.ee\/et\/wp-json\/wp\/v2\/posts\/5724","targetHints":{"allow":["GET"]}}],"collection":[{"href":"https:\/\/jalgpallimuuseum.ee\/et\/wp-json\/wp\/v2\/posts"}],"about":[{"href":"https:\/\/jalgpallimuuseum.ee\/et\/wp-json\/wp\/v2\/types\/post"}],"author":[{"embeddable":true,"href":"https:\/\/jalgpallimuuseum.ee\/et\/wp-json\/wp\/v2\/users\/2"}],"replies":[{"embeddable":true,"href":"https:\/\/jalgpallimuuseum.ee\/et\/wp-json\/wp\/v2\/comments?post=5724"}],"version-history":[{"count":1,"href":"https:\/\/jalgpallimuuseum.ee\/et\/wp-json\/wp\/v2\/posts\/5724\/revisions"}],"predecessor-version":[{"id":5726,"href":"https:\/\/jalgpallimuuseum.ee\/et\/wp-json\/wp\/v2\/posts\/5724\/revisions\/5726"}],"wp:featuredmedia":[{"embeddable":true,"href":"https:\/\/jalgpallimuuseum.ee\/et\/wp-json\/wp\/v2\/media\/5723"}],"wp:attachment":[{"href":"https:\/\/jalgpallimuuseum.ee\/et\/wp-json\/wp\/v2\/media?parent=5724"}],"wp:term":[{"taxonomy":"category","embeddable":true,"href":"https:\/\/jalgpallimuuseum.ee\/et\/wp-json\/wp\/v2\/categories?post=5724"},{"taxonomy":"post_tag","embeddable":true,"href":"https:\/\/jalgpallimuuseum.ee\/et\/wp-json\/wp\/v2\/tags?post=5724"}],"curies":[{"name":"wp","href":"https:\/\/api.w.org\/{rel}","templated":true}]}}