{"id":5649,"date":"2025-06-04T08:52:40","date_gmt":"2025-06-04T08:52:40","guid":{"rendered":"https:\/\/jalgpallimuuseum.ee\/populaarsed-moldova-artistid-kulastasid-muuseumi\/"},"modified":"2025-06-04T08:56:36","modified_gmt":"2025-06-04T08:56:36","slug":"populaarsed-moldova-artistid-kulastasid-muuseumi","status":"publish","type":"post","link":"https:\/\/jalgpallimuuseum.ee\/et\/populaarsed-moldova-artistid-kulastasid-muuseumi\/","title":{"rendered":"Populaarsed Moldova artistid k\u00fclastasid muuseumi"},"content":{"rendered":"\n<p>T\u00e4na oli meil k\u00fclas populaarne Moldova laulja ja tantsija <a href=\"https:\/\/www.facebook.com\/bachomusic?__cft__%5B0%5D=AZW0H-4JAohBscrA9hwRM7Gg1sLUIK1uHtWsRuKdNqSn5H8sAJ4STCG4GtrvLg23Fq3l1dK_IvJvDAkpTg8g8UciEN2lSpvSy60US9gadBC20UwO_fisXu58_i3TnMpLYCLqZV0NP7sXZKNy6OCKfcT5AAp7WZ_WzSGaILxGHKmW_H6XY-Hcu7BupWcczRc5hTNdiRhQCZZyb23uBVuIfpSj&__tn__=-%5DK-R\">Bacho<\/a>! Ta tuli meile k\u00fclla koos kuulsa Moldova koreograafi ja<a><\/a> FC Phoenixi h\u00fcmni esitajaga \u2013 Ray Bark (Iuri Ribac), ning nendega oli kaasas ka 2017. aasta Eurovisiooni pronksiv\u00f5itja \u2013 Anton Ragoza!<\/p>\n\n<p>\u041c\u044b \u0432\u0441\u0435\u0433\u0434\u0430 \u0440\u0430\u0434\u044b \u043d\u0430\u0448\u0438\u043c \u0434\u0440\u0443\u0437\u044c\u044f\u043c \u0438\u0437 \u0441\u043e\u043b\u043d\u0435\u0447\u043d\u043e\u0439 \u041c\u043e\u043b\u0434\u043e\u0432\u044b \u0438 \u043d\u0430\u0434\u0435\u0435\u043c\u0441\u044f, \u0447\u0442\u043e \u043e\u043d\u0438 \u043d\u0430\u043c \u043f\u0440\u0438\u0432\u0435\u0437\u043b\u0438 \u043d\u0435\u043c\u043d\u043e\u0433\u043e \u0442\u0435\u043f\u043b\u0430!)<\/p>\n\n<figure class=\"wp-block-image size-large\"><img fetchpriority=\"high\" decoding=\"async\" width=\"1024\" height=\"941\" src=\"https:\/\/jalgpallimuuseum.ee\/wp-content\/uploads\/2025\/06\/IMG_5085-1-1024x941.jpeg\" alt=\"\" class=\"wp-image-5645\" srcset=\"https:\/\/jalgpallimuuseum.ee\/wp-content\/uploads\/2025\/06\/IMG_5085-1-1024x941.jpeg 1024w, https:\/\/jalgpallimuuseum.ee\/wp-content\/uploads\/2025\/06\/IMG_5085-1-300x276.jpeg 300w, https:\/\/jalgpallimuuseum.ee\/wp-content\/uploads\/2025\/06\/IMG_5085-1-768x706.jpeg 768w, https:\/\/jalgpallimuuseum.ee\/wp-content\/uploads\/2025\/06\/IMG_5085-1-1536x1411.jpeg 1536w, https:\/\/jalgpallimuuseum.ee\/wp-content\/uploads\/2025\/06\/IMG_5085-1-2048x1881.jpeg 2048w, https:\/\/jalgpallimuuseum.ee\/wp-content\/uploads\/2025\/06\/IMG_5085-1-292x268.jpeg 292w, https:\/\/jalgpallimuuseum.ee\/wp-content\/uploads\/2025\/06\/IMG_5085-1-1120x1029.jpeg 1120w\" sizes=\"(max-width: 1024px) 100vw, 1024px\" \/><\/figure>\n","protected":false},"excerpt":{"rendered":"<p>T\u00e4na oli meil k\u00fclas populaarne Moldova laulja ja tantsija Bacho! Ta tuli meile k\u00fclla koos kuulsa Moldova koreograafi ja FC Phoenixi h\u00fcmni esitajaga \u2013 [&hellip;]<\/p>\n","protected":false},"author":2,"featured_media":5639,"comment_status":"closed","ping_status":"open","sticky":false,"template":"","format":"standard","meta":{"_acf_changed":false,"_monsterinsights_skip_tracking":false,"_monsterinsights_sitenote_active":false,"_monsterinsights_sitenote_note":"","_monsterinsights_sitenote_category":0,"footnotes":""},"categories":[41],"tags":[],"class_list":["post-5649","post","type-post","status-publish","format-standard","has-post-thumbnail","hentry","category-muuseumi-kulalised"],"acf":{"choi\u0441e_menu_page":false,"full_width":false,"header_transparent":false,"header_white":false,"menu_type_page":"default","menu_align_page":"default"},"aioseo_notices":[],"_links":{"self":[{"href":"https:\/\/jalgpallimuuseum.ee\/et\/wp-json\/wp\/v2\/posts\/5649","targetHints":{"allow":["GET"]}}],"collection":[{"href":"https:\/\/jalgpallimuuseum.ee\/et\/wp-json\/wp\/v2\/posts"}],"about":[{"href":"https:\/\/jalgpallimuuseum.ee\/et\/wp-json\/wp\/v2\/types\/post"}],"author":[{"embeddable":true,"href":"https:\/\/jalgpallimuuseum.ee\/et\/wp-json\/wp\/v2\/users\/2"}],"replies":[{"embeddable":true,"href":"https:\/\/jalgpallimuuseum.ee\/et\/wp-json\/wp\/v2\/comments?post=5649"}],"version-history":[{"count":1,"href":"https:\/\/jalgpallimuuseum.ee\/et\/wp-json\/wp\/v2\/posts\/5649\/revisions"}],"predecessor-version":[{"id":5650,"href":"https:\/\/jalgpallimuuseum.ee\/et\/wp-json\/wp\/v2\/posts\/5649\/revisions\/5650"}],"wp:featuredmedia":[{"embeddable":true,"href":"https:\/\/jalgpallimuuseum.ee\/et\/wp-json\/wp\/v2\/media\/5639"}],"wp:attachment":[{"href":"https:\/\/jalgpallimuuseum.ee\/et\/wp-json\/wp\/v2\/media?parent=5649"}],"wp:term":[{"taxonomy":"category","embeddable":true,"href":"https:\/\/jalgpallimuuseum.ee\/et\/wp-json\/wp\/v2\/categories?post=5649"},{"taxonomy":"post_tag","embeddable":true,"href":"https:\/\/jalgpallimuuseum.ee\/et\/wp-json\/wp\/v2\/tags?post=5649"}],"curies":[{"name":"wp","href":"https:\/\/api.w.org\/{rel}","templated":true}]}}