{"id":5324,"date":"2025-03-04T09:41:44","date_gmt":"2025-03-04T09:41:44","guid":{"rendered":"https:\/\/jalgpallimuuseum.ee\/?p=5324"},"modified":"2025-03-27T09:43:21","modified_gmt":"2025-03-27T09:43:21","slug":"sergei-andrejev-kulastas-esimest-korda-jalgpallimuuseumi","status":"publish","type":"post","link":"https:\/\/jalgpallimuuseum.ee\/et\/sergei-andrejev-kulastas-esimest-korda-jalgpallimuuseumi\/","title":{"rendered":"Sergei Andrejev k\u00fclastas esimest korda jalgpallimuuseumi"},"content":{"rendered":"\n<p>T\u00e4na k\u00fclastas meie muuseumi J\u00f5hvi valitsuse liige Sergei Ivan\u00f5t\u0161 Andrejev, kohtumise k\u00e4igus r\u00e4\u00e4kisime J\u00f5hvi jalgpalli ajaloost, n\u00e4itasime meie haruldasi eksponaate, r\u00e4\u00e4kisime muuseumi arenguplaanidest ja kodulehe loomisest.<\/p>\n\n\n\n<p>Kindlasti oli hea p\u00f5hjus r\u00e4\u00e4kida valla jalgpalli praegusest arengust, millist abi J\u00f5hvi pakub ja millised raskused on klubil.<\/p>\n\n\n\n<p>T\u00e4nan vestluse eest ja k\u00e4ime tihedamini kohtumas!<\/p>\n","protected":false},"excerpt":{"rendered":"<p>T\u00e4na k\u00fclastas meie muuseumi J\u00f5hvi valitsuse liige Sergei Ivan\u00f5t\u0161 Andrejev, kohtumise k\u00e4igus r\u00e4\u00e4kisime J\u00f5hvi jalgpalli ajaloost, n\u00e4itasime meie haruldasi eksponaate, r\u00e4\u00e4kisime muuseumi arenguplaanidest ja [&hellip;]<\/p>\n","protected":false},"author":2,"featured_media":5325,"comment_status":"closed","ping_status":"open","sticky":false,"template":"","format":"standard","meta":{"_acf_changed":false,"_monsterinsights_skip_tracking":false,"_monsterinsights_sitenote_active":false,"_monsterinsights_sitenote_note":"","_monsterinsights_sitenote_category":0,"footnotes":""},"categories":[41],"tags":[],"class_list":["post-5324","post","type-post","status-publish","format-standard","has-post-thumbnail","hentry","category-muuseumi-kulalised"],"acf":{"choi\u0441e_menu_page":"global_settings","full_width":false,"header_transparent":false,"header_white":false,"menu_type_page":"default","menu_align_page":"default"},"aioseo_notices":[],"_links":{"self":[{"href":"https:\/\/jalgpallimuuseum.ee\/et\/wp-json\/wp\/v2\/posts\/5324","targetHints":{"allow":["GET"]}}],"collection":[{"href":"https:\/\/jalgpallimuuseum.ee\/et\/wp-json\/wp\/v2\/posts"}],"about":[{"href":"https:\/\/jalgpallimuuseum.ee\/et\/wp-json\/wp\/v2\/types\/post"}],"author":[{"embeddable":true,"href":"https:\/\/jalgpallimuuseum.ee\/et\/wp-json\/wp\/v2\/users\/2"}],"replies":[{"embeddable":true,"href":"https:\/\/jalgpallimuuseum.ee\/et\/wp-json\/wp\/v2\/comments?post=5324"}],"version-history":[{"count":1,"href":"https:\/\/jalgpallimuuseum.ee\/et\/wp-json\/wp\/v2\/posts\/5324\/revisions"}],"predecessor-version":[{"id":5328,"href":"https:\/\/jalgpallimuuseum.ee\/et\/wp-json\/wp\/v2\/posts\/5324\/revisions\/5328"}],"wp:featuredmedia":[{"embeddable":true,"href":"https:\/\/jalgpallimuuseum.ee\/et\/wp-json\/wp\/v2\/media\/5325"}],"wp:attachment":[{"href":"https:\/\/jalgpallimuuseum.ee\/et\/wp-json\/wp\/v2\/media?parent=5324"}],"wp:term":[{"taxonomy":"category","embeddable":true,"href":"https:\/\/jalgpallimuuseum.ee\/et\/wp-json\/wp\/v2\/categories?post=5324"},{"taxonomy":"post_tag","embeddable":true,"href":"https:\/\/jalgpallimuuseum.ee\/et\/wp-json\/wp\/v2\/tags?post=5324"}],"curies":[{"name":"wp","href":"https:\/\/api.w.org\/{rel}","templated":true}]}}